{"id":2128,"date":"2020-08-04T14:55:57","date_gmt":"2020-08-04T12:55:57","guid":{"rendered":"http:\/\/port-heraclea.fr\/?p=2128"},"modified":"2020-08-04T14:55:57","modified_gmt":"2020-08-04T12:55:57","slug":"le-var-en-vigilance-secheresse","status":"publish","type":"post","link":"https:\/\/port-heraclea.fr\/index.php\/2020\/08\/04\/le-var-en-vigilance-secheresse\/","title":{"rendered":"Le Var en vigilance s\u00e9cheresse"},"content":{"rendered":"<p>L&rsquo;ensemble du d\u00e9partement du Var est plac\u00e9 en situation de vigilance. Les recommandations g\u00e9n\u00e9rales pour les usages de l&rsquo;eau sont d\u00e9crites en annexe de l&rsquo;Arr\u00eat\u00e9 Pr\u00e9fectoral du 31 juillet 2020 consultable en t\u00e9l\u00e9chargement ci-dessous :<\/p>\n<div class='avia-button-wrap avia-button-center  avia-builder-el-0  avia-builder-el-no-sibling  '><a href='http:\/\/port-heraclea.fr\/wp-content\/uploads\/2020\/08\/vigil_secheresse.pdf' class='avia-button avia-button-fullwidth   avia-icon_select-yes-left-icon avia-color-theme-color '  style='color:#ffffff; ' ><span class='avia_button_icon avia_button_icon_left ' aria-hidden='true' data-av_icon='\ue82d' data-av_iconfont='entypo-fontello'><\/span><span class='avia_iconbox_title' >T\u00e9l\u00e9charger l Arr\u00eat\u00e9 Pr\u00e9fectoral en cliquant ici<\/span><span class='avia_button_background avia-button avia-button-fullwidth avia-color-theme-color' ><\/span><\/a><\/div>\n","protected":false},"excerpt":{"rendered":"<p>L&rsquo;ensemble du d\u00e9partement du Var est plac\u00e9 en situation de vigilance. Les recommandations g\u00e9n\u00e9rales pour les usages de l&rsquo;eau sont d\u00e9crites en annexe de l&rsquo;Arr\u00eat\u00e9 Pr\u00e9fectoral du 31 juillet 2020 consultable en t\u00e9l\u00e9chargement ci-dessous :<\/p>\n","protected":false},"author":4,"featured_media":2129,"comment_status":"closed","ping_status":"closed","sticky":false,"template":"","format":"standard","meta":{"_exactmetrics_skip_tracking":false,"_exactmetrics_sitenote_active":false,"_exactmetrics_sitenote_note":"","_exactmetrics_sitenote_category":0,"footnotes":""},"categories":[9,3],"tags":[],"class_list":["post-2128","post","type-post","status-publish","format-standard","has-post-thumbnail","hentry","category-arretes","category-meteo"],"_links":{"self":[{"href":"https:\/\/port-heraclea.fr\/index.php\/wp-json\/wp\/v2\/posts\/2128","targetHints":{"allow":["GET"]}}],"collection":[{"href":"https:\/\/port-heraclea.fr\/index.php\/wp-json\/wp\/v2\/posts"}],"about":[{"href":"https:\/\/port-heraclea.fr\/index.php\/wp-json\/wp\/v2\/types\/post"}],"author":[{"embeddable":true,"href":"https:\/\/port-heraclea.fr\/index.php\/wp-json\/wp\/v2\/users\/4"}],"replies":[{"embeddable":true,"href":"https:\/\/port-heraclea.fr\/index.php\/wp-json\/wp\/v2\/comments?post=2128"}],"version-history":[{"count":3,"href":"https:\/\/port-heraclea.fr\/index.php\/wp-json\/wp\/v2\/posts\/2128\/revisions"}],"predecessor-version":[{"id":2132,"href":"https:\/\/port-heraclea.fr\/index.php\/wp-json\/wp\/v2\/posts\/2128\/revisions\/2132"}],"wp:featuredmedia":[{"embeddable":true,"href":"https:\/\/port-heraclea.fr\/index.php\/wp-json\/wp\/v2\/media\/2129"}],"wp:attachment":[{"href":"https:\/\/port-heraclea.fr\/index.php\/wp-json\/wp\/v2\/media?parent=2128"}],"wp:term":[{"taxonomy":"category","embeddable":true,"href":"https:\/\/port-heraclea.fr\/index.php\/wp-json\/wp\/v2\/categories?post=2128"},{"taxonomy":"post_tag","embeddable":true,"href":"https:\/\/port-heraclea.fr\/index.php\/wp-json\/wp\/v2\/tags?post=2128"}],"curies":[{"name":"wp","href":"https:\/\/api.w.org\/{rel}","templated":true}]}}