{"id":3170,"date":"2022-12-20T17:11:48","date_gmt":"2022-12-20T16:11:48","guid":{"rendered":"https:\/\/port-heraclea.fr\/?p=3170"},"modified":"2022-12-20T17:11:48","modified_gmt":"2022-12-20T16:11:48","slug":"fin-des-mesures-de-restrictions-de-lusage-de-leau-dans-le-var","status":"publish","type":"post","link":"https:\/\/port-heraclea.fr\/index.php\/2022\/12\/20\/fin-des-mesures-de-restrictions-de-lusage-de-leau-dans-le-var\/","title":{"rendered":"Fin des mesures de restrictions de l&rsquo;usage de l&rsquo;eau dans le Var"},"content":{"rendered":"<div dir=\"auto\">A compter du 15 d\u00e9cembre 2022, les mesures de restrictions de l\u2019usage de l\u2019eau sont lev\u00e9es dans le Var.<\/div>\n<div dir=\"auto\"><span class=\"x3nfvp2 x1j61x8r x1fcty0u xdj266r xhhsvwb xat24cr xgzva0m xxymvpz xlup9mm x1kky2od\"><img loading=\"lazy\" decoding=\"async\" src=\"https:\/\/static.xx.fbcdn.net\/images\/emoji.php\/v9\/tfc\/1\/16\/1f44d.png\" alt=\"\ud83d\udc4d\" width=\"16\" height=\"16\" \/><\/span> La pluviom\u00e9trie de ces derniers jours et la remont\u00e9e des niveaux de l\u2019ensemble des cours d\u2019eau au-dessus des seuils d\u2019alerte permettent de ne pas reconduire les arr\u00eat\u00e9s s\u00e9cheresse.<\/div>\n<div dir=\"auto\"><span class=\"x3nfvp2 x1j61x8r x1fcty0u xdj266r xhhsvwb xat24cr xgzva0m xxymvpz xlup9mm x1kky2od\"><img loading=\"lazy\" decoding=\"async\" src=\"https:\/\/static.xx.fbcdn.net\/images\/emoji.php\/v9\/tdc\/1\/16\/26a0.png\" alt=\"\u26a0\" width=\"16\" height=\"16\" \/><\/span> La ressource demeure vuln\u00e9rable et chacun est appel\u00e9 \u00e0 une gestion \u00e9conome. Pour m\u00e9moire, courant ao\u00fbt, 96 communes sur les 153 que compte le <a class=\"x1i10hfl xjbqb8w x6umtig x1b1mbwd xaqea5y xav7gou x9f619 x1ypdohk xt0psk2 xe8uvvx xdj266r x11i5rnm xat24cr x1mh8g0r xexx8yu x4uap5 x18d9i69 xkhd6sd x16tdsg8 x1hl2dhg xggy1nq x1a2a7pz xt0b8zv x1qq9wsj xo1l8bm\" tabindex=\"0\" role=\"link\" href=\"https:\/\/www.facebook.com\/hashtag\/var?__eep__=6&amp;__cft__[0]=AZW3GdJlLz4iiA3C4IUWflC5ioT8s_SQmAZbFKOaaedh9sdPno0u05e__mtxzbkLzlk-nMqIPdfaloVIsGbQYox-hldiRzpLtezwtIqvtvP-O3ssH-ayQMV7nQm_CSRF9pWD6CvCCJEk9zTdtGGLcwBT6hQ1dqBF5nd2SkzAoMarYTv7npv6pAtTU3GPROpIUkXZsnDQf4LgaEQ8TDpBuTKW&amp;__tn__=*NK-y-R\">#Var<\/a> \u00e9taient en crise s\u00e9cheresse.<\/div>\n<div dir=\"auto\"><span class=\"x3nfvp2 x1j61x8r x1fcty0u xdj266r xhhsvwb xat24cr xgzva0m xxymvpz xlup9mm x1kky2od\"><img loading=\"lazy\" decoding=\"async\" src=\"https:\/\/static.xx.fbcdn.net\/images\/emoji.php\/v9\/t8e\/1\/16\/2139.png\" alt=\"\u2139\" width=\"16\" height=\"16\" \/><\/span> Retrouvez l\u2019historique des mesures s\u00e9cheresse durant l\u2019ann\u00e9e 2022 <span class=\"x3nfvp2 x1j61x8r x1fcty0u xdj266r xhhsvwb xat24cr xgzva0m xxymvpz xlup9mm x1kky2od\"><img loading=\"lazy\" decoding=\"async\" src=\"https:\/\/static.xx.fbcdn.net\/images\/emoji.php\/v9\/t51\/1\/16\/1f449.png\" alt=\"\ud83d\udc49\" width=\"16\" height=\"16\" \/><\/p>\n<p><\/span><\/div>\n<div dir=\"auto\"><\/div>\n<div dir=\"auto\"><\/div>\n<div class='avia-button-wrap avia-button-center  avia-builder-el-0  avia-builder-el-no-sibling  '><a href='https:\/\/www.var.gouv.fr\/secheresse-fin-des-mesures-de-restriction-et-bilan-a11462.html'  class='avia-button   avia-icon_select-yes-left-icon avia-color-theme-color avia-size-small avia-position-center '   ><span class='avia_button_icon avia_button_icon_left ' aria-hidden='true' data-av_icon='\ue82d' data-av_iconfont='entypo-fontello'><\/span><span class='avia_iconbox_title' >Historique des mesures s\u00e9cheresse 2022<\/span><\/a><\/div>\n","protected":false},"excerpt":{"rendered":"<p>A compter du 15 d\u00e9cembre 2022, les mesures de restrictions de l\u2019usage de l\u2019eau sont lev\u00e9es dans le Var. La pluviom\u00e9trie de ces derniers jours et la remont\u00e9e des niveaux de l\u2019ensemble des cours d\u2019eau au-dessus des seuils d\u2019alerte permettent de ne pas reconduire les arr\u00eat\u00e9s s\u00e9cheresse. La ressource demeure vuln\u00e9rable et chacun est appel\u00e9 [&hellip;]<\/p>\n","protected":false},"author":6,"featured_media":3171,"comment_status":"closed","ping_status":"closed","sticky":false,"template":"","format":"standard","meta":{"_exactmetrics_skip_tracking":false,"_exactmetrics_sitenote_active":false,"_exactmetrics_sitenote_note":"","_exactmetrics_sitenote_category":0,"footnotes":""},"categories":[2,9,7],"tags":[],"class_list":["post-3170","post","type-post","status-publish","format-standard","has-post-thumbnail","hentry","category-actualites","category-arretes","category-reglementation"],"_links":{"self":[{"href":"https:\/\/port-heraclea.fr\/index.php\/wp-json\/wp\/v2\/posts\/3170","targetHints":{"allow":["GET"]}}],"collection":[{"href":"https:\/\/port-heraclea.fr\/index.php\/wp-json\/wp\/v2\/posts"}],"about":[{"href":"https:\/\/port-heraclea.fr\/index.php\/wp-json\/wp\/v2\/types\/post"}],"author":[{"embeddable":true,"href":"https:\/\/port-heraclea.fr\/index.php\/wp-json\/wp\/v2\/users\/6"}],"replies":[{"embeddable":true,"href":"https:\/\/port-heraclea.fr\/index.php\/wp-json\/wp\/v2\/comments?post=3170"}],"version-history":[{"count":12,"href":"https:\/\/port-heraclea.fr\/index.php\/wp-json\/wp\/v2\/posts\/3170\/revisions"}],"predecessor-version":[{"id":3183,"href":"https:\/\/port-heraclea.fr\/index.php\/wp-json\/wp\/v2\/posts\/3170\/revisions\/3183"}],"wp:featuredmedia":[{"embeddable":true,"href":"https:\/\/port-heraclea.fr\/index.php\/wp-json\/wp\/v2\/media\/3171"}],"wp:attachment":[{"href":"https:\/\/port-heraclea.fr\/index.php\/wp-json\/wp\/v2\/media?parent=3170"}],"wp:term":[{"taxonomy":"category","embeddable":true,"href":"https:\/\/port-heraclea.fr\/index.php\/wp-json\/wp\/v2\/categories?post=3170"},{"taxonomy":"post_tag","embeddable":true,"href":"https:\/\/port-heraclea.fr\/index.php\/wp-json\/wp\/v2\/tags?post=3170"}],"curies":[{"name":"wp","href":"https:\/\/api.w.org\/{rel}","templated":true}]}}